{"id":695,"date":"2024-06-19T11:06:40","date_gmt":"2024-06-19T16:06:40","guid":{"rendered":"https:\/\/iglesia.org.pa\/nueva-2024\/?p=695"},"modified":"2024-06-20T14:33:21","modified_gmt":"2024-06-20T19:33:21","slug":"luis-enrique-saldana-guerra","status":"publish","type":"post","link":"https:\/\/iglesia.org.pa\/nueva-2024\/?p=695","title":{"rendered":"+ LUIS ENRIQUE SALDA\u00d1A GUERRA, O.F.M."},"content":{"rendered":"<p class=\"p1\"><img fetchpriority=\"high\" decoding=\"async\" class=\"alignleft size-medium wp-image-702\" src=\"https:\/\/iglesia.org.pa\/nueva-2024\/wp-content\/uploads\/2024\/06\/mons_luis_enrique_saldana-232x300.jpg\" alt=\"\" width=\"232\" height=\"300\" srcset=\"https:\/\/iglesia.org.pa\/nueva-2024\/wp-content\/uploads\/2024\/06\/mons_luis_enrique_saldana-232x300.jpg 232w, https:\/\/iglesia.org.pa\/nueva-2024\/wp-content\/uploads\/2024\/06\/mons_luis_enrique_saldana-790x1024.jpg 790w, https:\/\/iglesia.org.pa\/nueva-2024\/wp-content\/uploads\/2024\/06\/mons_luis_enrique_saldana-768x995.jpg 768w, https:\/\/iglesia.org.pa\/nueva-2024\/wp-content\/uploads\/2024\/06\/mons_luis_enrique_saldana-1185x1536.jpg 1185w, https:\/\/iglesia.org.pa\/nueva-2024\/wp-content\/uploads\/2024\/06\/mons_luis_enrique_saldana.jpg 1234w\" sizes=\"(max-width: 232px) 100vw, 232px\" \/>BIOGRAF\u00cdA DE MONSE\u00d1OR LUIS ENRIQUE SALDA\u00d1A GUERRA, O.F.M.<\/p>\n<p class=\"p2\">Naci\u00f3 en la provincia de Chiriqu\u00ed el 24 de febrero de 1966, hijo de don Luis Sadi Salda\u00f1a y la se\u00f1ora Domitila Guerra.<\/p>\n<p class=\"p2\">Recibi\u00f3 las aguas bautismales el 19 de julio de 1966 en la parroquia San Francisco de As\u00eds en Dolega, Chiriqu\u00ed.<\/p>\n<p class=\"p2\">Su infancia y juventud transcurrieron en el pueblo de Rovira, Dolega donde junto\u00a0a sus padres y 8 hermanos aprendi\u00f3 el valor del trabajo y la uni\u00f3n familiar.<\/p>\n<p class=\"p2\">Sus estudios primarios los realiz\u00f3 en la escuela Mayor Mart\u00edn Gonz\u00e1lez de Rovira Abajo y sus estudios secundarios en el colegio Beatriz Miranda de Cabal.<\/p>\n<p class=\"p2\">Particip\u00f3 activamente en la vida de iglesia como Cursillista de Cristiandad y misionero laico en la Misi\u00f3n Nacional (1988 y 1992). Esta experiencia pastoral marc\u00f3 su vida y le permiti\u00f3 sentir a trav\u00e9s del trabajo por la comunidad la\u00a0necesidad de buscar darle sentido a su vida y as\u00ed continuar su proceso de discernimiento vocacional.<\/p>\n<p class=\"p2\">Ingres\u00f3 al postulantado de los frailes franciscanos el 19 de enero de 1993, realizando este a\u00f1o de formaci\u00f3n en la fraternidad Rivo Torto en La Pintada,<\/p>\n<p class=\"p2\">Cocl\u00e9 y posteriormente ingresa al primer a\u00f1o de noviciado en Monte San Francisco, Guatemala. Para su segundo a\u00f1o de noviciado se traslad\u00f3 a Diriamba, Nicaragua emitiendo sus primeros votos el 25 de noviembre de 1995.<\/p>\n<p class=\"p2\">Como profesor realiz\u00f3 dos a\u00f1os de servicio pastoral en la Fundaci\u00f3n de la Santa Cruz en Hait\u00ed.<\/p>\n<p class=\"p2\">El 23 de febrero de 2002 realiza su profesi\u00f3n solemne presentando ante Dios y p\u00fablicamente sus votos de pobreza, castidad y obediencia dentro de la Orden de Frailes Menores en la que hoy es la Provincia Franciscana Nuestra Se\u00f1ora de Guadalupe de Centroam\u00e9rica, Panam\u00e1, Fundaci\u00f3n de la Santa Cruz y el Caribe.<\/p>\n<p class=\"p2\">Sus estudios de filosof\u00eda los hizo en la Universidad Rafael Land\u00edvar. (Guatemala) y la Teolog\u00eda en la Universidad Centroamericana, Jos\u00e9 Sime\u00f3n Ca\u00f1as (El Salvador).<\/p>\n<p class=\"p2\">En el a\u00f1o 2003 fue ordenado Di\u00e1cono y el 29 de abril de 2006 recibe el orden sacerdotal por imposici\u00f3n de manos de Monse\u00f1or Jos\u00e9 Luis Cardenal Lacunza en la iglesia Nuestra Se\u00f1ora del Carmen, Di\u00f3cesis de David, Panam\u00e1.<\/p>\n<p class=\"p2\">SERVICIOS EN LA PROVINCIA FRANCISCANA<\/p>\n<p class=\"p2\">Promotor vocacional y acompa\u00f1ante en los procesos de formaci\u00f3n de los frailes durante etapas del aspirantado, estudios de filosof\u00eda, a\u00f1o de servicio y<\/p>\n<p class=\"p2\">preparaci\u00f3n para votos solemnes.<\/p>\n<p class=\"p2\">Vicario parroquial en las parroquias franciscanas: San Juan BauDsta (Boquete), Nuestra Se\u00f1ora del Carmen, ambas en la Di\u00f3cesis de David. Y San Antonio de Padura Miraflores, en la Arquidi\u00f3cesis de Panam\u00e1.<\/p>\n<p class=\"p2\">Sirvi\u00f3 como Guardi\u00e1n en las fraternidades en las parroquias: San Juan BauDsta, (Boquete); Nuestra Se\u00f1ora del Carmen, ambas de la Di\u00f3cesis de David; en San Antonio de Padua Miraflores, de la Arquidi\u00f3cesis de Panam\u00e1; y en la Virgen del Socorro, en Antigua de Guatemala.<\/p>\n<p class=\"p2\">Durante 9 a\u00f1os fue designado Definidor provincial para la regi\u00f3n de Panam\u00e1 entre 2008 \u2013 2017. Tiempo en que se desempe\u00f1\u00f3 como Director administrativo en los colegios: P\u00edo XII Boquete (2006 &#8211; 2009); San Francisco de As\u00eds, David (2016 \u2013 2017). En la di\u00f3cesis de David fue parte del consejo presbiteral.<\/p>\n<p class=\"p2\">En el a\u00f1o 2018 es trasladado a La Antigua, Guatemala, se le conga la subdirecci\u00f3n general de las Obras Sociales del Santo Hermano Pedro.<\/p>\n<p class=\"p2\">El 27 de enero de 2021, es elegido provincia ministro Provincial por un periodo de 6 a\u00f1os, cargo que desempe\u00f1\u00f3 hasta el 15 de febrero de 2024, fecha en que es nombrado por el Santo Padre Francisco nuevo Obispo de la Di\u00f3cesis de David.<\/p>\n<p><img decoding=\"async\" class=\"alignleft size-medium wp-image-704\" src=\"https:\/\/iglesia.org.pa\/nueva-2024\/wp-content\/uploads\/2024\/06\/escudo_luis_enrique-300x300.jpg\" alt=\"\" width=\"300\" height=\"300\" srcset=\"https:\/\/iglesia.org.pa\/nueva-2024\/wp-content\/uploads\/2024\/06\/escudo_luis_enrique-300x300.jpg 300w, https:\/\/iglesia.org.pa\/nueva-2024\/wp-content\/uploads\/2024\/06\/escudo_luis_enrique-150x150.jpg 150w, https:\/\/iglesia.org.pa\/nueva-2024\/wp-content\/uploads\/2024\/06\/escudo_luis_enrique.jpg 490w\" sizes=\"(max-width: 300px) 100vw, 300px\" \/><\/p>\n<p class=\"p1\">CAPELO Y BORLAS: Comuni\u00f3n con la Iglesia universal<\/p>\n<p class=\"p1\">CRUZ: Atravesando el escudo episcopal, es el mayor signo de la redenci\u00f3n.<\/p>\n<p class=\"p1\">BLAS\u00d3N: En forma de c\u00e1liz hace alusi\u00f3n a la entrega de Cristo en la Pascua.<\/p>\n<p class=\"p1\">COLOR CERUL\u00c9O: Referencia del cielo. \u201cMi reino no es de este mundo\u201d, Jn. 18, 36.<\/p>\n<p class=\"p1\">ESTRELLA: Figura de la Virgen Mar\u00eda, Estrella del mar, estrella de la ma\u00f1ana, estrella de la evangelizaci\u00f3n, que nos conduce a Cristo. \u201cHagan lo que \u00c9l les diga\u201d Jn. 2, 5.<\/p>\n<p class=\"p1\">AZUCENA: Representa a San Jos\u00e9 Patriarca, cast\u00edsimo esposo de la Virgen Mar\u00eda, como se le llama en las invocaciones lit\u00fargicas. Patrono de la Iglesia y de la Di\u00f3cesis de David.<\/p>\n<p class=\"p1\">COLORES ROJO Y VERDE: El color rojo indica el amor de los chiricanos por su tierra; y el color verde significa la fertilidad del suelo.<\/p>\n<p class=\"p1\">LA LUNA ENTRE NUBES: Chiriqu\u00ed significa valle de la luna en lengua ng\u00f6be, propia de la regi\u00f3n ind\u00edgena de la Di\u00f3cesis de David.<\/p>\n<p class=\"p1\">PUEBLO QUE CAMINA: En comuni\u00f3n en esp\u00edritu sinodal, con una misi\u00f3n en com\u00fan junto a su Pastor, a trav\u00e9s de la participaci\u00f3n de todos, escuchando como pueblo de Dios, lo que el Esp\u00edritu Santo le dice a la Iglesia.<\/p>\n<p class=\"p1\">SILUETA DE LA TORRE EXENTA DE LA CATEDRAL DE SAN JOS\u00c9: Referencia a la sede Episcopal, a la c\u00e1tedra, de monse\u00f1or Luis Salda\u00f1a, OFM. Es monumento hist\u00f3rico nacional desde 1996.<\/p>\n<p class=\"p1\">ESCUDO DE LA ORDEN FRANCISCANA: Alude a la espiritualidad y carisma franciscanos que ha marcado el servicio de monse\u00f1or Luis Enrique.<\/p>\n<p class=\"p1\">LEMA EPISCOPAL: \u201cServir con caridad\u201d.<\/p>\n","protected":false},"excerpt":{"rendered":"<p>BIOGRAF\u00cdA DE MONSE\u00d1OR LUIS ENRIQUE SALDA\u00d1A GUERRA, O.F.M. Naci\u00f3 en la provincia de Chiriqu\u00ed el 24 de febrero de 1966, hijo de don Luis Sadi Salda\u00f1a y la se\u00f1ora Domitila Guerra. Recibi\u00f3 las aguas bautismales el 19 de julio de 1966 en la parroquia San Francisco de As\u00eds en Dolega, Chiriqu\u00ed.&hellip;<\/p>\n","protected":false},"author":1,"featured_media":0,"comment_status":"open","ping_status":"open","sticky":false,"template":"","format":"standard","meta":{"footnotes":""},"categories":[21,1],"tags":[],"class_list":["post-695","post","type-post","status-publish","format-standard","hentry","category-obispos","category-uncategorized"],"_links":{"self":[{"href":"https:\/\/iglesia.org.pa\/nueva-2024\/index.php?rest_route=\/wp\/v2\/posts\/695","targetHints":{"allow":["GET"]}}],"collection":[{"href":"https:\/\/iglesia.org.pa\/nueva-2024\/index.php?rest_route=\/wp\/v2\/posts"}],"about":[{"href":"https:\/\/iglesia.org.pa\/nueva-2024\/index.php?rest_route=\/wp\/v2\/types\/post"}],"author":[{"embeddable":true,"href":"https:\/\/iglesia.org.pa\/nueva-2024\/index.php?rest_route=\/wp\/v2\/users\/1"}],"replies":[{"embeddable":true,"href":"https:\/\/iglesia.org.pa\/nueva-2024\/index.php?rest_route=%2Fwp%2Fv2%2Fcomments&post=695"}],"version-history":[{"count":6,"href":"https:\/\/iglesia.org.pa\/nueva-2024\/index.php?rest_route=\/wp\/v2\/posts\/695\/revisions"}],"predecessor-version":[{"id":780,"href":"https:\/\/iglesia.org.pa\/nueva-2024\/index.php?rest_route=\/wp\/v2\/posts\/695\/revisions\/780"}],"wp:attachment":[{"href":"https:\/\/iglesia.org.pa\/nueva-2024\/index.php?rest_route=%2Fwp%2Fv2%2Fmedia&parent=695"}],"wp:term":[{"taxonomy":"category","embeddable":true,"href":"https:\/\/iglesia.org.pa\/nueva-2024\/index.php?rest_route=%2Fwp%2Fv2%2Fcategories&post=695"},{"taxonomy":"post_tag","embeddable":true,"href":"https:\/\/iglesia.org.pa\/nueva-2024\/index.php?rest_route=%2Fwp%2Fv2%2Ftags&post=695"}],"curies":[{"name":"wp","href":"https:\/\/api.w.org\/{rel}","templated":true}]}}