{"id":2691,"date":"2026-08-30T13:10:19","date_gmt":"2026-08-30T18:10:19","guid":{"rendered":"https:\/\/iglesia.org.pa\/nueva-2024\/?p=2691"},"modified":"2026-08-30T13:10:19","modified_gmt":"2026-08-30T18:10:19","slug":"colon-no-se-va-a-arrodillar-ante-nadie-solo-ante-dios-afirma-monsenor-ochogavia","status":"publish","type":"post","link":"https:\/\/iglesia.org.pa\/nueva-2024\/?p=2691","title":{"rendered":"\u201cCol\u00f3n no se va a arrodillar ante nadie, solo ante Dios\u201d, afirma monse\u00f1or Ochogav\u00eda"},"content":{"rendered":"<p><img fetchpriority=\"high\" decoding=\"async\" class=\"aligncenter wp-image-2694\" src=\"https:\/\/iglesia.org.pa\/nueva-2024\/wp-content\/uploads\/2026\/08\/monsenor-ochogavia-cita-2026-300x200.jpeg\" alt=\"\" width=\"600\" height=\"400\" srcset=\"https:\/\/iglesia.org.pa\/nueva-2024\/wp-content\/uploads\/2026\/08\/monsenor-ochogavia-cita-2026-300x200.jpeg 300w, https:\/\/iglesia.org.pa\/nueva-2024\/wp-content\/uploads\/2026\/08\/monsenor-ochogavia-cita-2026-768x512.jpeg 768w, https:\/\/iglesia.org.pa\/nueva-2024\/wp-content\/uploads\/2026\/08\/monsenor-ochogavia-cita-2026.jpeg 800w\" sizes=\"(max-width: 600px) 100vw, 600px\" \/><\/p>\n<p><em>Durante la cita eucar\u00edstica celebrada en la Arena de Col\u00f3n, bajo una pertinaz lluvia, el obispo de la di\u00f3cesis de Col\u00f3n-Kuna Yala destac\u00f3 el aporte y la resistencia de la comunidad afroantillana y llam\u00f3 a la Iglesia a no guardar silencio ante la corrupci\u00f3n, la opresi\u00f3n y las injusticias que afectan al pueblo.\u00a0<\/em><\/p>\n<p><span data-contrast=\"auto\">_____________________<\/span><span data-ccp-props=\"{&quot;134233117&quot;:false,&quot;134233118&quot;:false,&quot;335551550&quot;:0,&quot;335551620&quot;:0,&quot;335557856&quot;:16777215,&quot;335559738&quot;:0,&quot;335559739&quot;:0}\">\u00a0<\/span><\/p>\n<blockquote><p><span data-contrast=\"none\">\u201cCol\u00f3n no se va a arrodillar ante nadie, solo ante Dios\u201d, afirma monse\u00f1or Ochogav\u00eda<\/span><span data-ccp-props=\"{&quot;134233117&quot;:false,&quot;134233118&quot;:false,&quot;335551550&quot;:0,&quot;335551620&quot;:0,&quot;335557856&quot;:16777215,&quot;335559738&quot;:0,&quot;335559739&quot;:0}\">\u00a0<\/span><\/p><\/blockquote>\n<p><span data-contrast=\"none\">Bajo una pertinaz lluvia, feligreses procedentes de distintas comunidades de la di\u00f3cesis de Col\u00f3n-Kuna Yala fueron llegando hasta la Arena de Col\u00f3n para participar en la cita eucar\u00edstica, una celebraci\u00f3n marcada por la fe, la memoria hist\u00f3rica y un llamado a mantener viva la voz de la Iglesia frente a las realidades que afectan al pueblo paname\u00f1o.<\/span><span data-ccp-props=\"{&quot;134233117&quot;:false,&quot;134233118&quot;:false,&quot;335551550&quot;:0,&quot;335551620&quot;:0,&quot;335557856&quot;:16777215,&quot;335559738&quot;:0,&quot;335559739&quot;:0}\">\u00a0<\/span><\/p>\n<p><span data-contrast=\"none\">Durante su homil\u00eda, monse\u00f1or Manuel Ochogav\u00eda agradeci\u00f3 a Dios por la vida y los aportes de la comunidad afroantillana, al tiempo que destac\u00f3 su papel fundamental en la historia y en la construcci\u00f3n de Panam\u00e1.<\/span><span data-ccp-props=\"{&quot;134233117&quot;:false,&quot;134233118&quot;:false,&quot;335551550&quot;:0,&quot;335551620&quot;:0,&quot;335557856&quot;:16777215,&quot;335559738&quot;:0,&quot;335559739&quot;:0}\">\u00a0<\/span><span data-ccp-props=\"{&quot;134233117&quot;:false,&quot;134233118&quot;:false,&quot;335551550&quot;:0,&quot;335551620&quot;:0,&quot;335557856&quot;:16777215,&quot;335559738&quot;:0,&quot;335559739&quot;:0}\">\u00a0<\/span><\/p>\n<p><span data-contrast=\"none\">El obispo record\u00f3 que muchos afroantillanos llegaron al pa\u00eds procedentes de Barbados, Gran Caim\u00e1n y otras islas del Caribe para trabajar en las grandes obras de infraestructura, particularmente en la construcci\u00f3n del Canal de Panam\u00e1. Muchos de ellos entregaron su esfuerzo, sacrificio y hasta su vida en una de las obras de ingenier\u00eda m\u00e1s importantes del mundo.<\/span><span data-ccp-props=\"{&quot;134233117&quot;:false,&quot;134233118&quot;:false,&quot;335551550&quot;:0,&quot;335551620&quot;:0,&quot;335557856&quot;:16777215,&quot;335559738&quot;:0,&quot;335559739&quot;:0}\">\u00a0<\/span><\/p>\n<p><span data-ccp-props=\"{&quot;134233117&quot;:false,&quot;134233118&quot;:false,&quot;335551550&quot;:0,&quot;335551620&quot;:0,&quot;335557856&quot;:16777215,&quot;335559738&quot;:0,&quot;335559739&quot;:0}\">\u00a0<\/span><span data-contrast=\"none\">\u201cDieron su sangre por la obra de ingenier\u00eda m\u00e1s grande del pa\u00eds\u201d, expres\u00f3 Ochogav\u00eda, al reconocer la contribuci\u00f3n de quienes hicieron posible aquella gigantesca empresa y que hoy forman parte de la historia de una v\u00eda interoce\u00e1nica que, como record\u00f3, pertenece a todos los paname\u00f1os.<\/span><span data-ccp-props=\"{&quot;134233117&quot;:false,&quot;134233118&quot;:false,&quot;335551550&quot;:0,&quot;335551620&quot;:0,&quot;335557856&quot;:16777215,&quot;335559738&quot;:0,&quot;335559739&quot;:0}\">\u00a0<\/span><span data-ccp-props=\"{&quot;134233117&quot;:false,&quot;134233118&quot;:false,&quot;335551550&quot;:0,&quot;335551620&quot;:0,&quot;335557856&quot;:16777215,&quot;335559738&quot;:0,&quot;335559739&quot;:0}\">\u00a0<\/span><\/p>\n<p><span data-contrast=\"none\">Pero su aporte, se\u00f1al\u00f3, no se limit\u00f3 al trabajo. Los afroantillanos tambi\u00e9n fueron incorpor\u00e1ndose a la sociedad paname\u00f1a, aprendiendo y compartiendo costumbres, expresiones culturales, bailes y comidas. El tamborito y el sancocho fueron mencionados como parte de ese proceso de integraci\u00f3n y del intercambio cultural que enriqueci\u00f3 la identidad nacional.<\/span><span data-ccp-props=\"{&quot;134233117&quot;:false,&quot;134233118&quot;:false,&quot;335551550&quot;:0,&quot;335551620&quot;:0,&quot;335557856&quot;:16777215,&quot;335559738&quot;:0,&quot;335559739&quot;:0}\">\u00a0<\/span><\/p>\n<p><span data-contrast=\"none\">En su mensaje, el obispo reivindic\u00f3 adem\u00e1s la identidad afroantillana y llam\u00f3 a vivirla con orgullo y alegr\u00eda.<\/span><span data-ccp-props=\"{&quot;134233117&quot;:false,&quot;134233118&quot;:false,&quot;335551550&quot;:0,&quot;335551620&quot;:0,&quot;335557856&quot;:16777215,&quot;335559738&quot;:0,&quot;335559739&quot;:0}\">\u00a0<\/span><\/p>\n<p><span data-contrast=\"none\">\u201cSer chombo no es malo\u201d, afirm\u00f3, destacando que esta identidad se vive en familia, con alegr\u00eda y con orgullo por los aportes que esta comunidad ha realizado al pa\u00eds.<\/span><span data-ccp-props=\"{&quot;134233117&quot;:false,&quot;134233118&quot;:false,&quot;335551550&quot;:0,&quot;335551620&quot;:0,&quot;335557856&quot;:16777215,&quot;335559738&quot;:0,&quot;335559739&quot;:0}\">\u00a0<\/span><span data-ccp-props=\"{&quot;134233117&quot;:false,&quot;134233118&quot;:false,&quot;335551550&quot;:0,&quot;335551620&quot;:0,&quot;335557856&quot;:16777215,&quot;335559738&quot;:0,&quot;335559739&quot;:0}\">\u00a0<\/span><\/p>\n<p><span data-contrast=\"none\">La celebraci\u00f3n coincidi\u00f3 con la conmemoraci\u00f3n de los 150 a\u00f1os de vida, presencia y resistencia de la comunidad afroantillana en Col\u00f3n y en otros puntos de Panam\u00e1. Para Ochogav\u00eda, recordar estos 150 a\u00f1os significa tambi\u00e9n reconocer las luchas, sacrificios y aportes de generaciones que ayudaron a construir el pa\u00eds.<\/span><span data-ccp-props=\"{&quot;134233117&quot;:false,&quot;134233118&quot;:false,&quot;335551550&quot;:0,&quot;335551620&quot;:0,&quot;335557856&quot;:16777215,&quot;335559738&quot;:0,&quot;335559739&quot;:0}\">\u00a0<\/span><\/p>\n<p><img decoding=\"async\" class=\"aligncenter wp-image-2695\" src=\"https:\/\/iglesia.org.pa\/nueva-2024\/wp-content\/uploads\/2026\/08\/WhatsApp-Image-2026-08-30-at-12.49.26-PM-1-300x200.jpeg\" alt=\"\" width=\"600\" height=\"400\" srcset=\"https:\/\/iglesia.org.pa\/nueva-2024\/wp-content\/uploads\/2026\/08\/WhatsApp-Image-2026-08-30-at-12.49.26-PM-1-300x200.jpeg 300w, https:\/\/iglesia.org.pa\/nueva-2024\/wp-content\/uploads\/2026\/08\/WhatsApp-Image-2026-08-30-at-12.49.26-PM-1-1024x682.jpeg 1024w, https:\/\/iglesia.org.pa\/nueva-2024\/wp-content\/uploads\/2026\/08\/WhatsApp-Image-2026-08-30-at-12.49.26-PM-1-768x512.jpeg 768w, https:\/\/iglesia.org.pa\/nueva-2024\/wp-content\/uploads\/2026\/08\/WhatsApp-Image-2026-08-30-at-12.49.26-PM-1.jpeg 1280w\" sizes=\"(max-width: 600px) 100vw, 600px\" \/><\/p>\n<hr \/>\n<h4><strong>Una Iglesia que no puede callar\u00a0<\/strong><\/h4>\n<p><span data-contrast=\"none\">A partir de la Palabra de Dios, el obispo centr\u00f3 buena parte de su reflexi\u00f3n en el profeta Jerem\u00edas, quien clama a Dios en medio de las dificultades y pide una se\u00f1al y ayuda, pero mantiene la certeza de que Dios est\u00e1 con \u00e9l, pese a las burlas y cr\u00edticas que recibe por anunciar su mensaje.<\/span><span data-ccp-props=\"{&quot;134233117&quot;:false,&quot;134233118&quot;:false,&quot;335551550&quot;:0,&quot;335551620&quot;:0,&quot;335557856&quot;:16777215,&quot;335559738&quot;:0,&quot;335559739&quot;:0}\">\u00a0<\/span><\/p>\n<p><span data-contrast=\"none\">Desde esta figura b\u00edblica, monse\u00f1or Ochogav\u00eda hizo un llamado directo a la Iglesia y a los cristianos a no permanecer callados frente a las injusticias.<\/span><span data-ccp-props=\"{&quot;134233117&quot;:false,&quot;134233118&quot;:false,&quot;335551550&quot;:0,&quot;335551620&quot;:0,&quot;335557856&quot;:16777215,&quot;335559738&quot;:0,&quot;335559739&quot;:0}\">\u00a0<\/span><\/p>\n<p><span data-contrast=\"none\">\u201cNosotros no podemos seguir callando\u201d, afirm\u00f3.<\/span><span data-ccp-props=\"{&quot;134233117&quot;:false,&quot;134233118&quot;:false,&quot;335551550&quot;:0,&quot;335551620&quot;:0,&quot;335557856&quot;:16777215,&quot;335559738&quot;:0,&quot;335559739&quot;:0}\">\u00a0<\/span><\/p>\n<p><span data-contrast=\"none\">Reconoci\u00f3 que la Iglesia ha guardado silencio en momentos en que deb\u00eda levantar su voz, y puso como ejemplo las situaciones vividas por los maestros cuando fueron dejados sin sus salarios y los momentos en que trabajadores fueron reprimidos.<\/span><span data-ccp-props=\"{&quot;134233117&quot;:false,&quot;134233118&quot;:false,&quot;335551550&quot;:0,&quot;335551620&quot;:0,&quot;335557856&quot;:16777215,&quot;335559738&quot;:0,&quot;335559739&quot;:0}\">\u00a0<\/span><span data-ccp-props=\"{&quot;134233117&quot;:false,&quot;134233118&quot;:false,&quot;335551550&quot;:0,&quot;335551620&quot;:0,&quot;335557856&quot;:16777215,&quot;335559738&quot;:0,&quot;335559739&quot;:0}\">\u00a0<\/span><\/p>\n<p><span data-contrast=\"none\">Para el obispo, la Iglesia debe asumir con valent\u00eda su responsabilidad de denunciar la corrupci\u00f3n, defender la vida y proteger la casa com\u00fan. No debe dejarse intimidar por la opini\u00f3n p\u00fablica ni por quienes ejercen poder.<\/span><span data-ccp-props=\"{&quot;134233117&quot;:false,&quot;134233118&quot;:false,&quot;335551550&quot;:0,&quot;335551620&quot;:0,&quot;335557856&quot;:16777215,&quot;335559738&quot;:0,&quot;335559739&quot;:0}\">\u00a0<\/span><\/p>\n<p><span data-contrast=\"none\">\u201cNo podemos tener miedo, al igual que el profeta Jerem\u00edas y Pedro. Debemos confiar en la Palabra de Dios y en su gu\u00eda en nuestras vidas\u201d, manifest\u00f3.<\/span><span data-ccp-props=\"{&quot;134233117&quot;:false,&quot;134233118&quot;:false,&quot;335551550&quot;:0,&quot;335551620&quot;:0,&quot;335557856&quot;:16777215,&quot;335559738&quot;:0,&quot;335559739&quot;:0}\">\u00a0<\/span><\/p>\n<p><span data-contrast=\"none\">Tambi\u00e9n llam\u00f3 a los fieles a estar atentos ante la influencia que pueden ejercer quienes tienen poder sobre la tecnolog\u00eda y las nuevas herramientas de comunicaci\u00f3n, para evitar que la sociedad termine creyendo que todo lo que se presenta como bueno para el pueblo realmente lo es.<\/span><span data-ccp-props=\"{&quot;134233117&quot;:false,&quot;134233118&quot;:false,&quot;335551550&quot;:0,&quot;335551620&quot;:0,&quot;335557856&quot;:16777215,&quot;335559738&quot;:0,&quot;335559739&quot;:0}\">\u00a0<\/span><\/p>\n<p><img decoding=\"async\" class=\"aligncenter wp-image-2698\" src=\"https:\/\/iglesia.org.pa\/nueva-2024\/wp-content\/uploads\/2026\/08\/WhatsApp-Image-2026-08-30-at-12.49.31-PM-300x200.jpeg\" alt=\"\" width=\"600\" height=\"400\" srcset=\"https:\/\/iglesia.org.pa\/nueva-2024\/wp-content\/uploads\/2026\/08\/WhatsApp-Image-2026-08-30-at-12.49.31-PM-300x200.jpeg 300w, https:\/\/iglesia.org.pa\/nueva-2024\/wp-content\/uploads\/2026\/08\/WhatsApp-Image-2026-08-30-at-12.49.31-PM-1024x682.jpeg 1024w, https:\/\/iglesia.org.pa\/nueva-2024\/wp-content\/uploads\/2026\/08\/WhatsApp-Image-2026-08-30-at-12.49.31-PM-768x512.jpeg 768w, https:\/\/iglesia.org.pa\/nueva-2024\/wp-content\/uploads\/2026\/08\/WhatsApp-Image-2026-08-30-at-12.49.31-PM.jpeg 1280w\" sizes=\"(max-width: 600px) 100vw, 600px\" \/><\/p>\n<hr \/>\n<h4><strong>\u201cNo nos van a comprar\u201d\u00a0<\/strong><\/h4>\n<p><span data-contrast=\"none\">En otro momento de su homil\u00eda, monse\u00f1or Ochogav\u00eda pronunci\u00f3 una de las frases m\u00e1s contundentes de su mensaje: \u201cCol\u00f3n no se va a arrodillar ante nadie, solo ante Dios\u201d.<\/span><span data-ccp-props=\"{&quot;134233117&quot;:false,&quot;134233118&quot;:false,&quot;335551550&quot;:0,&quot;335551620&quot;:0,&quot;335557856&quot;:16777215,&quot;335559738&quot;:0,&quot;335559739&quot;:0}\">\u00a0<\/span><\/p>\n<p><span data-contrast=\"none\">Con estas palabras reafirm\u00f3, seg\u00fan expres\u00f3, el compromiso de permanecer junto a la comunidad colonense y acompa\u00f1ar sus luchas.<\/span><span data-ccp-props=\"{&quot;134233117&quot;:false,&quot;134233118&quot;:false,&quot;335551550&quot;:0,&quot;335551620&quot;:0,&quot;335557856&quot;:16777215,&quot;335559738&quot;:0,&quot;335559739&quot;:0}\">\u00a0<\/span><\/p>\n<p><span data-contrast=\"none\">\u201cNo nos van a comprar y estaremos caminando con el pueblo en sus luchas\u201d, sostuvo, al dejar claro que la Iglesia no debe escuchar \u00fanicamente las voces provenientes de los sectores de poder, sino tambi\u00e9n la voz de quienes viven las dificultades en las comunidades.<\/span><span data-ccp-props=\"{&quot;134233117&quot;:false,&quot;134233118&quot;:false,&quot;335551550&quot;:0,&quot;335551620&quot;:0,&quot;335557856&quot;:16777215,&quot;335559738&quot;:0,&quot;335559739&quot;:0}\">\u00a0<\/span><\/p>\n<p><img loading=\"lazy\" decoding=\"async\" class=\"aligncenter wp-image-2696\" src=\"https:\/\/iglesia.org.pa\/nueva-2024\/wp-content\/uploads\/2026\/08\/WhatsApp-Image-2026-08-30-at-12.49.27-PM-1-300x200.jpeg\" alt=\"\" width=\"600\" height=\"400\" srcset=\"https:\/\/iglesia.org.pa\/nueva-2024\/wp-content\/uploads\/2026\/08\/WhatsApp-Image-2026-08-30-at-12.49.27-PM-1-300x200.jpeg 300w, https:\/\/iglesia.org.pa\/nueva-2024\/wp-content\/uploads\/2026\/08\/WhatsApp-Image-2026-08-30-at-12.49.27-PM-1-1024x682.jpeg 1024w, https:\/\/iglesia.org.pa\/nueva-2024\/wp-content\/uploads\/2026\/08\/WhatsApp-Image-2026-08-30-at-12.49.27-PM-1-768x512.jpeg 768w, https:\/\/iglesia.org.pa\/nueva-2024\/wp-content\/uploads\/2026\/08\/WhatsApp-Image-2026-08-30-at-12.49.27-PM-1.jpeg 1280w\" sizes=\"(max-width: 600px) 100vw, 600px\" \/><\/p>\n<p><img loading=\"lazy\" decoding=\"async\" class=\"aligncenter wp-image-2699\" src=\"https:\/\/iglesia.org.pa\/nueva-2024\/wp-content\/uploads\/2026\/08\/WhatsApp-Image-2026-08-30-at-12.49.29-PM-1-300x200.jpeg\" alt=\"\" width=\"600\" height=\"400\" srcset=\"https:\/\/iglesia.org.pa\/nueva-2024\/wp-content\/uploads\/2026\/08\/WhatsApp-Image-2026-08-30-at-12.49.29-PM-1-300x200.jpeg 300w, https:\/\/iglesia.org.pa\/nueva-2024\/wp-content\/uploads\/2026\/08\/WhatsApp-Image-2026-08-30-at-12.49.29-PM-1-768x512.jpeg 768w, https:\/\/iglesia.org.pa\/nueva-2024\/wp-content\/uploads\/2026\/08\/WhatsApp-Image-2026-08-30-at-12.49.29-PM-1.jpeg 900w\" sizes=\"(max-width: 600px) 100vw, 600px\" \/><\/p>\n<hr \/>\n<h4><strong>Una Iglesia cercana al pueblo\u00a0<\/strong><\/h4>\n<p><span data-contrast=\"none\">Ochogav\u00eda se refiri\u00f3 particularmente a los campesinos afectados por el proyecto de R\u00edo Indio. Cuestion\u00f3 que se pretenda avanzar con el proyecto sin importar las consecuencias para quienes podr\u00edan resultar perjudicados.<\/span><span data-ccp-props=\"{&quot;134233117&quot;:false,&quot;134233118&quot;:false,&quot;335551550&quot;:0,&quot;335551620&quot;:0,&quot;335557856&quot;:16777215,&quot;335559738&quot;:0,&quot;335559739&quot;:0}\">\u00a0<\/span><\/p>\n<p><span data-contrast=\"none\">El obispo invit\u00f3 a los presentes a acercarse a las comunidades campesinas, conversar con sus habitantes y escuchar directamente sus preocupaciones.<\/span><span data-ccp-props=\"{&quot;134233117&quot;:false,&quot;134233118&quot;:false,&quot;335551550&quot;:0,&quot;335551620&quot;:0,&quot;335557856&quot;:16777215,&quot;335559738&quot;:0,&quot;335559739&quot;:0}\">\u00a0<\/span><\/p>\n<p><span data-contrast=\"none\">\u201cVayan a hablar con los campesinos y esc\u00fachenlos. No son unos cuantos, son muchos\u201d, exhort\u00f3.<\/span><span data-ccp-props=\"{&quot;134233117&quot;:false,&quot;134233118&quot;:false,&quot;335551550&quot;:0,&quot;335551620&quot;:0,&quot;335557856&quot;:16777215,&quot;335559738&quot;:0,&quot;335559739&quot;:0}\">\u00a0<\/span><\/p>\n<p><span data-ccp-props=\"{&quot;134233117&quot;:false,&quot;134233118&quot;:false,&quot;335551550&quot;:0,&quot;335551620&quot;:0,&quot;335557856&quot;:16777215,&quot;335559738&quot;:0,&quot;335559739&quot;:0}\">\u00a0<\/span><span data-contrast=\"none\">Su llamado fue a no mirar la realidad nacional desde lejos, sino a acercarse a quienes sufren las consecuencias de las decisiones que se toman desde las esferas de poder.<\/span><span data-ccp-props=\"{&quot;134233117&quot;:false,&quot;134233118&quot;:false,&quot;335551550&quot;:0,&quot;335551620&quot;:0,&quot;335557856&quot;:16777215,&quot;335559738&quot;:0,&quot;335559739&quot;:0}\">\u00a0<\/span><span data-ccp-props=\"{&quot;134233117&quot;:false,&quot;134233118&quot;:false,&quot;335551550&quot;:0,&quot;335551620&quot;:0,&quot;335557856&quot;:16777215,&quot;335559738&quot;:0,&quot;335559739&quot;:0}\">\u00a0<\/span><\/p>\n<p><span data-contrast=\"none\">Como parte de su reflexi\u00f3n, record\u00f3 las palabras de san \u00d3scar Arnulfo Romero sobre el papel de la Iglesia frente a la injusticia: una Iglesia que provoca crisis, que hace sentir inc\u00f3modo al pecado y que denuncia la opresi\u00f3n de los poderosos.<\/span><span data-ccp-props=\"{&quot;134233117&quot;:false,&quot;134233118&quot;:false,&quot;335551550&quot;:0,&quot;335551620&quot;:0,&quot;335557856&quot;:16777215,&quot;335559738&quot;:0,&quot;335559739&quot;:0}\">\u00a0<\/span><\/p>\n<p><span data-contrast=\"none\">Para Ochogav\u00eda, una Iglesia que no denuncia la opresi\u00f3n y que permanece indiferente ante el sufrimiento de los m\u00e1s vulnerables no puede considerarse plenamente una Iglesia de Jesucristo.<\/span><span data-ccp-props=\"{&quot;134233117&quot;:false,&quot;134233118&quot;:false,&quot;335551550&quot;:0,&quot;335551620&quot;:0,&quot;335557856&quot;:16777215,&quot;335559738&quot;:0,&quot;335559739&quot;:0}\">\u00a0<\/span><\/p>\n<p><span data-contrast=\"none\">La homil\u00eda concluy\u00f3 con un llamado a los fieles a seguir el ejemplo del profeta Jerem\u00edas y asumir con valent\u00eda tanto el anuncio del Evangelio como la denuncia de aquello que atenta contra la dignidad humana, la justicia y el bien com\u00fan.<\/span><span data-ccp-props=\"{&quot;134233117&quot;:false,&quot;134233118&quot;:false,&quot;335551550&quot;:0,&quot;335551620&quot;:0,&quot;335557856&quot;:16777215,&quot;335559738&quot;:0,&quot;335559739&quot;:0}\">\u00a0<\/span><span data-ccp-props=\"{&quot;134233117&quot;:false,&quot;134233118&quot;:false,&quot;335551550&quot;:0,&quot;335551620&quot;:0,&quot;335557856&quot;:16777215,&quot;335559738&quot;:0,&quot;335559739&quot;:0}\">\u00a0<\/span><\/p>\n<p><span data-contrast=\"none\">\u201cSeamos como Jerem\u00edas, valientes en el anuncio y en la denuncia\u201d, exhort\u00f3 el obispo, poniendo finalmente a la comunidad bajo la protecci\u00f3n de Santa Mar\u00eda.<\/span><span data-ccp-props=\"{&quot;134233117&quot;:false,&quot;134233118&quot;:false,&quot;335551550&quot;:0,&quot;335551620&quot;:0,&quot;335557856&quot;:16777215,&quot;335559738&quot;:0,&quot;335559739&quot;:0}\">\u00a0<\/span><\/p>\n<p><span data-contrast=\"none\">La celebraci\u00f3n eucar\u00edstica estuvo animada por el Coro Centenario de la parroquia San Jos\u00e9, que con sus voces se sum\u00f3 a una jornada en la que, pese a la lluvia, los fieles respondieron al llamado y llenaron la Arena de Col\u00f3n para celebrar su fe, recordar la historia de su pueblo y renovar el compromiso de caminar junto a quienes contin\u00faan luchando por un Panam\u00e1 m\u00e1s justo y solidario.<\/span><span data-ccp-props=\"{&quot;134233117&quot;:false,&quot;134233118&quot;:false,&quot;335551550&quot;:0,&quot;335551620&quot;:0,&quot;335557856&quot;:16777215,&quot;335559738&quot;:0,&quot;335559739&quot;:0}\">\u00a0<\/span><\/p>\n<p>&nbsp;<\/p>\n<p>Panam\u00e1 30 de agosto 2026<\/p>\n<hr \/>\n<p>&nbsp;<\/p>\n<p><iframe title=\"Cita Eucar\u00edstica de Col\u00f3n 30 De Agosto 2026 |  FETV | En Vivo\" width=\"1200\" height=\"675\" src=\"https:\/\/www.youtube.com\/embed\/WbEbkLBfMNc?feature=oembed\" frameborder=\"0\" allow=\"accelerometer; autoplay; clipboard-write; encrypted-media; gyroscope; picture-in-picture; web-share\" referrerpolicy=\"strict-origin-when-cross-origin\" allowfullscreen><\/iframe><\/p>\n","protected":false},"excerpt":{"rendered":"<p>Durante la cita eucar\u00edstica celebrada en la Arena de Col\u00f3n, bajo una pertinaz lluvia, el obispo de la di\u00f3cesis de Col\u00f3n-Kuna Yala destac\u00f3 el aporte y la resistencia de la comunidad afroantillana y llam\u00f3 a la Iglesia a no guardar silencio ante la corrupci\u00f3n, la opresi\u00f3n y las injusticias que afectan&hellip;<\/p>\n","protected":false},"author":1,"featured_media":2694,"comment_status":"closed","ping_status":"closed","sticky":false,"template":"","format":"standard","meta":{"footnotes":""},"categories":[24],"tags":[236,116,125,237],"class_list":["post-2691","post","type-post","status-publish","format-standard","has-post-thumbnail","hentry","category-noticias","tag-cita-eucaristica","tag-colon","tag-diocesis-de-colon-kuna-yala","tag-mons-ochogavia"],"_links":{"self":[{"href":"https:\/\/iglesia.org.pa\/nueva-2024\/index.php?rest_route=\/wp\/v2\/posts\/2691","targetHints":{"allow":["GET"]}}],"collection":[{"href":"https:\/\/iglesia.org.pa\/nueva-2024\/index.php?rest_route=\/wp\/v2\/posts"}],"about":[{"href":"https:\/\/iglesia.org.pa\/nueva-2024\/index.php?rest_route=\/wp\/v2\/types\/post"}],"author":[{"embeddable":true,"href":"https:\/\/iglesia.org.pa\/nueva-2024\/index.php?rest_route=\/wp\/v2\/users\/1"}],"replies":[{"embeddable":true,"href":"https:\/\/iglesia.org.pa\/nueva-2024\/index.php?rest_route=%2Fwp%2Fv2%2Fcomments&post=2691"}],"version-history":[{"count":1,"href":"https:\/\/iglesia.org.pa\/nueva-2024\/index.php?rest_route=\/wp\/v2\/posts\/2691\/revisions"}],"predecessor-version":[{"id":2700,"href":"https:\/\/iglesia.org.pa\/nueva-2024\/index.php?rest_route=\/wp\/v2\/posts\/2691\/revisions\/2700"}],"wp:featuredmedia":[{"embeddable":true,"href":"https:\/\/iglesia.org.pa\/nueva-2024\/index.php?rest_route=\/wp\/v2\/media\/2694"}],"wp:attachment":[{"href":"https:\/\/iglesia.org.pa\/nueva-2024\/index.php?rest_route=%2Fwp%2Fv2%2Fmedia&parent=2691"}],"wp:term":[{"taxonomy":"category","embeddable":true,"href":"https:\/\/iglesia.org.pa\/nueva-2024\/index.php?rest_route=%2Fwp%2Fv2%2Fcategories&post=2691"},{"taxonomy":"post_tag","embeddable":true,"href":"https:\/\/iglesia.org.pa\/nueva-2024\/index.php?rest_route=%2Fwp%2Fv2%2Ftags&post=2691"}],"curies":[{"name":"wp","href":"https:\/\/api.w.org\/{rel}","templated":true}]}}