{"id":2372,"date":"2026-05-01T06:35:11","date_gmt":"2026-05-01T11:35:11","guid":{"rendered":"https:\/\/iglesia.org.pa\/nueva-2024\/?p=2372"},"modified":"2026-05-01T07:02:26","modified_gmt":"2026-05-01T12:02:26","slug":"agradecimiento-a-monsenor-dagoberto-campos-salas-por-su-servicio-a-la-iglesia-en-panama","status":"publish","type":"post","link":"https:\/\/iglesia.org.pa\/nueva-2024\/?p=2372","title":{"rendered":"AGRADECIMIENTO A MONSE\u00d1OR DAGOBERTO CAMPOS SALAS  POR SU SERVICIO A LA IGLESIA EN PANAM\u00c1"},"content":{"rendered":"<p>Agradecemos de coraz\u00f3n su testimonio sacerdotal y diplom\u00e1tico, su palabra oportuna y su disponibilidad constante para servir, especialmente en momentos significativos para la Iglesia cat\u00f3lica en Panam\u00e1. Nos deja el ejemplo de un pastor que ha sabido conjugar la firmeza con la caridad y la misi\u00f3n con la fraternidad.<\/p>\n<p>Al mismo tiempo, acogemos con esp\u00edritu de fe este nuevo env\u00edo, confiando en que su servicio en Ecuador ser\u00e1 igualmente fecundo. La Iglesia es universal, y en esa universalidad encontramos la riqueza de sabernos una sola familia, enviada a anunciar el Evangelio en todos los rincones del mundo.<\/p>\n<p>Elevamos nuestras oraciones por Mons. Campos Salas, para que el Se\u00f1or lo fortalezca en esta nueva etapa, y pedimos a la Sant\u00edsima Virgen Mar\u00eda que lo acompa\u00f1e y proteja siempre en su ministerio.<\/p>\n<p>Panam\u00e1, viernes 1 de mayo de 2026<\/p>\n<p style=\"text-align: center;\"><strong>\u2020 JOS\u00c9 DOMINGO ULLOA MENDIETA, O.S.A. <em>ARZOBISPO METROPOLITANO DE PANAM\u00c1 PRESIDENTE DE LA CONFERENCIA EPISCOPAL PANAME\u00d1A<\/em><\/strong><\/p>\n<hr \/>\n<p><img fetchpriority=\"high\" decoding=\"async\" class=\"aligncenter wp-image-2385\" src=\"https:\/\/iglesia.org.pa\/nueva-2024\/wp-content\/uploads\/2026\/05\/IMG-20260501-WA0015-231x300.jpg\" alt=\"\" width=\"500\" height=\"651\" srcset=\"https:\/\/iglesia.org.pa\/nueva-2024\/wp-content\/uploads\/2026\/05\/IMG-20260501-WA0015-231x300.jpg 231w, https:\/\/iglesia.org.pa\/nueva-2024\/wp-content\/uploads\/2026\/05\/IMG-20260501-WA0015-787x1024.jpg 787w, https:\/\/iglesia.org.pa\/nueva-2024\/wp-content\/uploads\/2026\/05\/IMG-20260501-WA0015-768x999.jpg 768w, https:\/\/iglesia.org.pa\/nueva-2024\/wp-content\/uploads\/2026\/05\/IMG-20260501-WA0015.jpg 1145w\" sizes=\"(max-width: 500px) 100vw, 500px\" \/><\/p>\n<hr \/>\n<p><img decoding=\"async\" class=\"aligncenter wp-image-2375\" src=\"https:\/\/iglesia.org.pa\/nueva-2024\/wp-content\/uploads\/2026\/05\/Screenshot_20260501_061923_Drive-229x300.jpg\" alt=\"\" width=\"500\" height=\"656\" srcset=\"https:\/\/iglesia.org.pa\/nueva-2024\/wp-content\/uploads\/2026\/05\/Screenshot_20260501_061923_Drive-229x300.jpg 229w, https:\/\/iglesia.org.pa\/nueva-2024\/wp-content\/uploads\/2026\/05\/Screenshot_20260501_061923_Drive-781x1024.jpg 781w, https:\/\/iglesia.org.pa\/nueva-2024\/wp-content\/uploads\/2026\/05\/Screenshot_20260501_061923_Drive-768x1007.jpg 768w, https:\/\/iglesia.org.pa\/nueva-2024\/wp-content\/uploads\/2026\/05\/Screenshot_20260501_061923_Drive.jpg 964w\" sizes=\"(max-width: 500px) 100vw, 500px\" \/><\/p>\n<p>&nbsp;<\/p>\n","protected":false},"excerpt":{"rendered":"<p>Agradecemos de coraz\u00f3n su testimonio sacerdotal y diplom\u00e1tico, su palabra oportuna y su disponibilidad constante para servir, especialmente en momentos significativos para la Iglesia cat\u00f3lica en Panam\u00e1. Nos deja el ejemplo de un pastor que ha sabido conjugar la firmeza con la caridad y la misi\u00f3n con la fraternidad. Al mismo&hellip;<\/p>\n","protected":false},"author":1,"featured_media":2376,"comment_status":"closed","ping_status":"closed","sticky":false,"template":"","format":"standard","meta":{"footnotes":""},"categories":[24,23],"tags":[197,25],"class_list":["post-2372","post","type-post","status-publish","format-standard","has-post-thumbnail","hentry","category-noticias","category-nunciatura","tag-agradecimiento","tag-nuevo-nuncio"],"_links":{"self":[{"href":"https:\/\/iglesia.org.pa\/nueva-2024\/index.php?rest_route=\/wp\/v2\/posts\/2372","targetHints":{"allow":["GET"]}}],"collection":[{"href":"https:\/\/iglesia.org.pa\/nueva-2024\/index.php?rest_route=\/wp\/v2\/posts"}],"about":[{"href":"https:\/\/iglesia.org.pa\/nueva-2024\/index.php?rest_route=\/wp\/v2\/types\/post"}],"author":[{"embeddable":true,"href":"https:\/\/iglesia.org.pa\/nueva-2024\/index.php?rest_route=\/wp\/v2\/users\/1"}],"replies":[{"embeddable":true,"href":"https:\/\/iglesia.org.pa\/nueva-2024\/index.php?rest_route=%2Fwp%2Fv2%2Fcomments&post=2372"}],"version-history":[{"count":2,"href":"https:\/\/iglesia.org.pa\/nueva-2024\/index.php?rest_route=\/wp\/v2\/posts\/2372\/revisions"}],"predecessor-version":[{"id":2386,"href":"https:\/\/iglesia.org.pa\/nueva-2024\/index.php?rest_route=\/wp\/v2\/posts\/2372\/revisions\/2386"}],"wp:featuredmedia":[{"embeddable":true,"href":"https:\/\/iglesia.org.pa\/nueva-2024\/index.php?rest_route=\/wp\/v2\/media\/2376"}],"wp:attachment":[{"href":"https:\/\/iglesia.org.pa\/nueva-2024\/index.php?rest_route=%2Fwp%2Fv2%2Fmedia&parent=2372"}],"wp:term":[{"taxonomy":"category","embeddable":true,"href":"https:\/\/iglesia.org.pa\/nueva-2024\/index.php?rest_route=%2Fwp%2Fv2%2Fcategories&post=2372"},{"taxonomy":"post_tag","embeddable":true,"href":"https:\/\/iglesia.org.pa\/nueva-2024\/index.php?rest_route=%2Fwp%2Fv2%2Ftags&post=2372"}],"curies":[{"name":"wp","href":"https:\/\/api.w.org\/{rel}","templated":true}]}}