{"id":2360,"date":"2026-05-01T06:28:26","date_gmt":"2026-05-01T11:28:26","guid":{"rendered":"https:\/\/iglesia.org.pa\/nueva-2024\/?p=2360"},"modified":"2026-05-01T07:08:14","modified_gmt":"2026-05-01T12:08:14","slug":"mons-dagoberto-campos-salas-nombrado-nuevo-nuncio-en-ecuador-y-panama-agradece-su-servicio","status":"publish","type":"post","link":"https:\/\/iglesia.org.pa\/nueva-2024\/?p=2360","title":{"rendered":"Mons. Dagoberto Campos Salas nombrado nuevo  Nuncio en Ecuador y Panam\u00e1 agradece su servicio"},"content":{"rendered":"<p><img fetchpriority=\"high\" decoding=\"async\" class=\"size-medium wp-image-2383 aligncenter\" src=\"https:\/\/iglesia.org.pa\/nueva-2024\/wp-content\/uploads\/2026\/05\/IMG-20260501-WA0002-248x300.jpg\" alt=\"\" width=\"248\" height=\"300\" srcset=\"https:\/\/iglesia.org.pa\/nueva-2024\/wp-content\/uploads\/2026\/05\/IMG-20260501-WA0002-248x300.jpg 248w, https:\/\/iglesia.org.pa\/nueva-2024\/wp-content\/uploads\/2026\/05\/IMG-20260501-WA0002-848x1024.jpg 848w, https:\/\/iglesia.org.pa\/nueva-2024\/wp-content\/uploads\/2026\/05\/IMG-20260501-WA0002-768x927.jpg 768w, https:\/\/iglesia.org.pa\/nueva-2024\/wp-content\/uploads\/2026\/05\/IMG-20260501-WA0002-1272x1536.jpg 1272w, https:\/\/iglesia.org.pa\/nueva-2024\/wp-content\/uploads\/2026\/05\/IMG-20260501-WA0002.jpg 1325w\" sizes=\"(max-width: 248px) 100vw, 248px\" \/><\/p>\n<p style=\"text-align: left;\">La Oficina de Prensa de la Santa Sede anunci\u00f3 este viernes 1 de mayo del 2026 el nombramiento de Su Excelencia Reverend\u00edsima Mons. Dagoberto Campos Salas como nuevo Nuncio Apost\u00f3lico en la Rep\u00fablica del Ecuador. Hasta el momento, se desempe\u00f1aba como representante diplom\u00e1tico del Santo Padre en Panam\u00e1.<\/p>\n<p style=\"text-align: left;\">Seg\u00fan el comunicado oficial de la Nunciatura Apost\u00f3lica en Panam\u00e1, Su Santidad el Papa Le\u00f3n XIV realiz\u00f3 este nombramiento el 1 de mayo de 2026, se\u00f1alando adem\u00e1s que monse\u00f1or Campos Salas permanecer\u00e1 en sus funciones en el pa\u00eds por aproximadamente seis semanas antes de su traslado definitivo.<\/p>\n<p style=\"text-align: left;\">En Ecuador, la Arquidi\u00f3cesis de Quito ha acogido con esp\u00edritu de comuni\u00f3n este nombramiento, destacando que la llegada del nuevo Nuncio Apost\u00f3lico ser\u00e1 un signo de cercan\u00eda del Santo Padre con el pueblo ecuatoriano y una oportunidad para seguir fortaleciendo el caminar pastoral de la Iglesia en ese pa\u00eds.<\/p>\n<p style=\"text-align: left;\">Por su parte, en Panam\u00e1, monse\u00f1or Jos\u00e9 Domingo Ulloa Mendieta, arzobispo metropolitano y presidente de la Conferencia Episcopal Paname\u00f1a, expres\u00f3 su agradecimiento por el servicio brindado por monse\u00f1or Campos Salas durante su misi\u00f3n en el pa\u00eds.<\/p>\n<p style=\"text-align: left;\">\u201cAgradecemos de coraz\u00f3n su testimonio sacerdotal y diplom\u00e1tico, su palabra oportuna y su disponibilidad constante para servir, especialmente en momentos significativos para la Iglesia cat\u00f3lica en Panam\u00e1. Nos deja el ejemplo de un pastor que ha sabido conjugar la firmeza con la caridad y la misi\u00f3n con la fraternidad\u201d, manifest\u00f3.<\/p>\n<p style=\"text-align: left;\">Asimismo, se\u00f1al\u00f3 que la Iglesia acoge con esp\u00edritu de fe este nuevo env\u00edo, confiando en que su servicio en Ecuador ser\u00e1 igualmente fecundo, recordando que la Iglesia es universal y llamada a anunciar el Evangelio en todos los pueblos.<\/p>\n<p style=\"text-align: left;\">Finalmente, asegur\u00f3 que se elevan oraciones por monse\u00f1or Campos Salas en esta nueva etapa de su ministerio, pidiendo al Se\u00f1or que lo fortalezca y a la Sant\u00edsima Virgen Mar\u00eda que lo acompa\u00f1e siempre en su misi\u00f3n.<\/p>\n<p style=\"text-align: left;\">Mons. Dagoberto Campos Salas fue nombrado Nuncio Apost\u00f3lico en Panam\u00e1, por el Papa Francisco el 14 de mayo de 2022. Hasta ese momento, se desempe\u00f1aba como representante pontificio en Liberia, Gambia y Sierra Leona, llevando consigo una amplia experiencia en el servicio diplom\u00e1tico de la Iglesia.<\/p>\n<p style=\"text-align: left;\">Lleg\u00f3 a Panam\u00e1 el 7 de julio de 2022 y es presentado oficialmente en una eucarist\u00eda en la Catedral Bas\u00edlica Santa Mar\u00eda la ntigua, el 2 de octubre de ese mismo a\u00f1o, acompa\u00f1ado por los obispos de la Conferencia Episcopal Paname\u00f1a.<\/p>\n<p style=\"text-align: left;\">Nacido en Puntarenas, Costa Rica, el 14 de marzo de 1966, Mons. Campos Salas fue ordenado sacerdote en 1994 y es doctor en Derecho Can\u00f3nico. Ingres\u00f3 al servicio diplom\u00e1tico de la Santa Sede en 1999, desempe\u00f1\u00e1ndose en diversas nunciaturas alrededor del mundo.<\/p>\n<p style=\"text-align: left;\">Su llegada a Panam\u00e1 se concret\u00f3 oficialmente con su presentaci\u00f3n el 2 de octubre de 2022 en la Catedral Bas\u00edlica Santa Mar\u00eda la Antigua, marcando el inicio de su misi\u00f3n pastoral y diplom\u00e1tica en el pa\u00eds.<\/p>\n<p style=\"text-align: left;\">Ciudad de Panam\u00e1, 1 de mayo de 2026.<\/p>\n<hr \/>\n<h4 style=\"text-align: left;\"><span style=\"color: #000080;\"><em><strong><a style=\"color: #000080;\" href=\"https:\/\/iglesia.org.pa\/nueva-2024\/wp-content\/uploads\/2026\/05\/nota-de-prensa.-Designan-a-Mons.-Dagoberto-a-Ecuador-1.pdf\" target=\"_blank\" rel=\"noopener\">DESCARGAR: Nota de prensa &#8211; Designan a Mons. Dagoberto a Ecuador-1<\/a><\/strong><\/em><\/span><\/h4>\n<hr \/>\n<p><img decoding=\"async\" class=\"size-medium wp-image-2364 aligncenter\" src=\"https:\/\/iglesia.org.pa\/nueva-2024\/wp-content\/uploads\/2026\/05\/IMG-20260501-WA0001-300x300.jpg\" alt=\"\" width=\"300\" height=\"300\" srcset=\"https:\/\/iglesia.org.pa\/nueva-2024\/wp-content\/uploads\/2026\/05\/IMG-20260501-WA0001-300x300.jpg 300w, https:\/\/iglesia.org.pa\/nueva-2024\/wp-content\/uploads\/2026\/05\/IMG-20260501-WA0001-1024x1024.jpg 1024w, https:\/\/iglesia.org.pa\/nueva-2024\/wp-content\/uploads\/2026\/05\/IMG-20260501-WA0001-150x150.jpg 150w, https:\/\/iglesia.org.pa\/nueva-2024\/wp-content\/uploads\/2026\/05\/IMG-20260501-WA0001-768x768.jpg 768w, https:\/\/iglesia.org.pa\/nueva-2024\/wp-content\/uploads\/2026\/05\/IMG-20260501-WA0001.jpg 1280w\" sizes=\"(max-width: 300px) 100vw, 300px\" \/><\/p>\n<hr \/>\n<p><img decoding=\"async\" class=\"aligncenter wp-image-2380\" src=\"https:\/\/iglesia.org.pa\/nueva-2024\/wp-content\/uploads\/2026\/05\/Screenshot_20260501_063502_Drive-225x300.jpg\" alt=\"\" width=\"500\" height=\"667\" srcset=\"https:\/\/iglesia.org.pa\/nueva-2024\/wp-content\/uploads\/2026\/05\/Screenshot_20260501_063502_Drive-225x300.jpg 225w, https:\/\/iglesia.org.pa\/nueva-2024\/wp-content\/uploads\/2026\/05\/Screenshot_20260501_063502_Drive-768x1025.jpg 768w, https:\/\/iglesia.org.pa\/nueva-2024\/wp-content\/uploads\/2026\/05\/Screenshot_20260501_063502_Drive.jpg 958w\" sizes=\"(max-width: 500px) 100vw, 500px\" \/><\/p>\n<p>&nbsp;<\/p>\n<p><img loading=\"lazy\" decoding=\"async\" class=\"aligncenter wp-image-2381\" src=\"https:\/\/iglesia.org.pa\/nueva-2024\/wp-content\/uploads\/2026\/05\/Screenshot_20260501_063508_Drive-226x300.jpg\" alt=\"\" width=\"500\" height=\"663\" srcset=\"https:\/\/iglesia.org.pa\/nueva-2024\/wp-content\/uploads\/2026\/05\/Screenshot_20260501_063508_Drive-226x300.jpg 226w, https:\/\/iglesia.org.pa\/nueva-2024\/wp-content\/uploads\/2026\/05\/Screenshot_20260501_063508_Drive-773x1024.jpg 773w, https:\/\/iglesia.org.pa\/nueva-2024\/wp-content\/uploads\/2026\/05\/Screenshot_20260501_063508_Drive-768x1018.jpg 768w, https:\/\/iglesia.org.pa\/nueva-2024\/wp-content\/uploads\/2026\/05\/Screenshot_20260501_063508_Drive.jpg 977w\" sizes=\"(max-width: 500px) 100vw, 500px\" \/><\/p>\n","protected":false},"excerpt":{"rendered":"<p>La Oficina de Prensa de la Santa Sede anunci\u00f3 este viernes 1 de mayo del 2026 el nombramiento de Su Excelencia Reverend\u00edsima Mons. Dagoberto Campos Salas como nuevo Nuncio Apost\u00f3lico en la Rep\u00fablica del Ecuador. Hasta el momento, se desempe\u00f1aba como representante diplom\u00e1tico del Santo Padre en Panam\u00e1. Seg\u00fan el comunicado&hellip;<\/p>\n","protected":false},"author":1,"featured_media":2387,"comment_status":"closed","ping_status":"closed","sticky":false,"template":"","format":"standard","meta":{"footnotes":""},"categories":[24],"tags":[48],"class_list":["post-2360","post","type-post","status-publish","format-standard","has-post-thumbnail","hentry","category-noticias","tag-nuncio-apostolico"],"_links":{"self":[{"href":"https:\/\/iglesia.org.pa\/nueva-2024\/index.php?rest_route=\/wp\/v2\/posts\/2360","targetHints":{"allow":["GET"]}}],"collection":[{"href":"https:\/\/iglesia.org.pa\/nueva-2024\/index.php?rest_route=\/wp\/v2\/posts"}],"about":[{"href":"https:\/\/iglesia.org.pa\/nueva-2024\/index.php?rest_route=\/wp\/v2\/types\/post"}],"author":[{"embeddable":true,"href":"https:\/\/iglesia.org.pa\/nueva-2024\/index.php?rest_route=\/wp\/v2\/users\/1"}],"replies":[{"embeddable":true,"href":"https:\/\/iglesia.org.pa\/nueva-2024\/index.php?rest_route=%2Fwp%2Fv2%2Fcomments&post=2360"}],"version-history":[{"count":4,"href":"https:\/\/iglesia.org.pa\/nueva-2024\/index.php?rest_route=\/wp\/v2\/posts\/2360\/revisions"}],"predecessor-version":[{"id":2384,"href":"https:\/\/iglesia.org.pa\/nueva-2024\/index.php?rest_route=\/wp\/v2\/posts\/2360\/revisions\/2384"}],"wp:featuredmedia":[{"embeddable":true,"href":"https:\/\/iglesia.org.pa\/nueva-2024\/index.php?rest_route=\/wp\/v2\/media\/2387"}],"wp:attachment":[{"href":"https:\/\/iglesia.org.pa\/nueva-2024\/index.php?rest_route=%2Fwp%2Fv2%2Fmedia&parent=2360"}],"wp:term":[{"taxonomy":"category","embeddable":true,"href":"https:\/\/iglesia.org.pa\/nueva-2024\/index.php?rest_route=%2Fwp%2Fv2%2Fcategories&post=2360"},{"taxonomy":"post_tag","embeddable":true,"href":"https:\/\/iglesia.org.pa\/nueva-2024\/index.php?rest_route=%2Fwp%2Fv2%2Ftags&post=2360"}],"curies":[{"name":"wp","href":"https:\/\/api.w.org\/{rel}","templated":true}]}}