{"id":2352,"date":"2026-04-27T09:38:45","date_gmt":"2026-04-27T14:38:45","guid":{"rendered":"https:\/\/iglesia.org.pa\/nueva-2024\/?p=2352"},"modified":"2026-04-27T09:38:45","modified_gmt":"2026-04-27T14:38:45","slug":"panama-y-52-paises-en-el-ii-encuentro-del-camex-fortalecen-la-mision-evangelizadora-en-el-continente","status":"publish","type":"post","link":"https:\/\/iglesia.org.pa\/nueva-2024\/?p=2352","title":{"rendered":"Panam\u00e1 y 52 pa\u00edses en el II Encuentro del CAMEX fortalecen la misi\u00f3n evangelizadora en el Continente"},"content":{"rendered":"<p data-olk-copy-source=\"MessageBody\"><img fetchpriority=\"high\" decoding=\"async\" class=\"aligncenter wp-image-2355\" src=\"https:\/\/iglesia.org.pa\/nueva-2024\/wp-content\/uploads\/2026\/04\/Encuentro-Camex-Wilfredo-Cervantes-4-300x175.jpeg\" alt=\"\" width=\"500\" height=\"292\" srcset=\"https:\/\/iglesia.org.pa\/nueva-2024\/wp-content\/uploads\/2026\/04\/Encuentro-Camex-Wilfredo-Cervantes-4-300x175.jpeg 300w, https:\/\/iglesia.org.pa\/nueva-2024\/wp-content\/uploads\/2026\/04\/Encuentro-Camex-Wilfredo-Cervantes-4-1024x597.jpeg 1024w, https:\/\/iglesia.org.pa\/nueva-2024\/wp-content\/uploads\/2026\/04\/Encuentro-Camex-Wilfredo-Cervantes-4-768x448.jpeg 768w, https:\/\/iglesia.org.pa\/nueva-2024\/wp-content\/uploads\/2026\/04\/Encuentro-Camex-Wilfredo-Cervantes-4.jpeg 1200w\" sizes=\"(max-width: 500px) 100vw, 500px\" \/><\/p>\n<p class=\"x_elementToProof\" data-olk-copy-source=\"MessageBody\">Un total de 53 participantes, de Costa Rica, El Salvador, Guatemala, Honduras, M\u00e9xico, Nicaragua y Panam\u00e1, participan en el II Encuentro Regional de Centroam\u00e9rica-M\u00e9xico (CAMEX), celebrado en Tegucigalpa, Honduras, del 20 al 23 de abril; que es organizado por el Consejo Episcopal Latinoamericano y Caribe\u00f1o, CELAM, en su modalidad presencial y virtual.<\/p>\n<p class=\"x_elementToProof\">Congregados en el Campus Tabor de la Universidad Cat\u00f3lica de Honduras, participan nueve obispos, cuatro religiosas, 15 presb\u00edteros y 24 laicos y laicas, quienes, en un clima de oraci\u00f3n y fraternidad, discernieron conjuntamente a la luz de la Palabra de Dios, siguiendo el m\u00e9todo ver, juzgar (discernir) y actuar.<\/p>\n<p class=\"x_elementToProof\">El arzobispo de Panam\u00e1 y segundo vicepresidente del CELAM, monse\u00f1or Jos\u00e9 Domingo Ulloa Mendieta, O.S.A., record\u00f3 que este espacio es un verdadero kair\u00f3s, un tiempo de gracia en el que el Esp\u00edritu Santo nos convoca para renovar nuestra manera de ser Iglesia: m\u00e1s fraterna, m\u00e1s articulada, m\u00e1s misionera.<\/p>\n<p class=\"x_elementToProof\">En su intervenci\u00f3n enfatiz\u00f3 que, \u201custedes desde sus diversas representaciones son esenciales. No son espectadores de un proceso, son protagonistas. No est\u00e1n aqu\u00ed solo para escuchar, sino para aportar, construir y discernir juntos. La Iglesia en nuestra regi\u00f3n necesita de cada uno de ustedes, de su experiencia, de su mirada, de su compromiso\u201d.<\/p>\n<p class=\"x_elementToProof\">Monse\u00f1or Ulloa les exhort\u00f3 a vivir la fraternidad y la escucha mutua, se\u00f1alando que \u201cm\u00e1s que experiencias, buscarnos vivir la fraternidad y escucharnos unos a otros, para que el mensaje del Evangelio sea una realidad viva en cada una de nuestras regiones\u201d. En este sentido, hizo un llamado claro, \u201choy m\u00e1s que nunca, debemos pasar de los esfuerzos aislados a la verdadera comuni\u00f3n, caminar juntos y anunciar a Cristo con valent\u00eda, a trav\u00e9s de la escucha, en comuni\u00f3n y con audacia misionera.<\/p>\n<p class=\"x_elementToProof\">El segundo vicepresidente del CELAM, subray\u00f3 no tengan miedo de so\u00f1ar juntos, de replantearse caminos, de dar nuevos pasos, porque el Esp\u00edritu Santo sigue actuando y necesita corazones disponibles. \u201cQue este encuentro no termine en conclusiones escritas, sino que se traduzca en procesos vivos, en acciones concretas y en una renovada conciencia de que somos Iglesia en salida, llamada a ser signo de esperanza para nuestros pueblos\u201d, enfatiz\u00f3.<\/p>\n<p class=\"x_elementToProof\">Por su parte monse\u00f1or Jos\u00e9 Vicente N\u00e1cher, presidente de la Conferencia Episcopal de Honduras, les record\u00f3 que, \u201cestos encuentros siempre renuevan los objetivos de colegialidad sinodal y misionera del episcopado latinoamericano\u201d. Igualmente destac\u00f3, la importancia de este encuentro regional para \u201cpromover la sinodalidad, la justicia social y el cuidado de la casa com\u00fan, la dignidad de la persona, la evangelizaci\u00f3n y a misi\u00f3n, la formaci\u00f3n y capacitaci\u00f3n, y la comunicaci\u00f3n y el di\u00e1logo.<\/p>\n<p class=\"x_elementToProof\">Durante este encuentro los participantes comparten en grupos de trabajo diversas reflexiones sobre la presencia eclesial en la regi\u00f3n y su aporte de cara a las realidades de los pa\u00edses que la integran. Para ello, se utiliz\u00f3 la metodolog\u00eda sinodal de las \u201cconversaciones en el esp\u00edritu\u201d, favoreciendo un di\u00e1logo profundo, abierto y orientado al discernimiento comunitario.<\/p>\n<p class=\"x_elementToProof\"><b>\u00a0<\/b><\/p>\n<p class=\"x_elementToProof\"><b>Panam\u00e1, 22 de abril de 2026.<\/b><\/p>\n<hr \/>\n<p><img decoding=\"async\" class=\"aligncenter wp-image-2344\" src=\"https:\/\/iglesia.org.pa\/nueva-2024\/wp-content\/uploads\/2026\/04\/WhatsApp-Image-2026-04-23-at-05.22.04-1-300x225.jpeg\" alt=\"\" width=\"500\" height=\"375\" srcset=\"https:\/\/iglesia.org.pa\/nueva-2024\/wp-content\/uploads\/2026\/04\/WhatsApp-Image-2026-04-23-at-05.22.04-1-300x225.jpeg 300w, https:\/\/iglesia.org.pa\/nueva-2024\/wp-content\/uploads\/2026\/04\/WhatsApp-Image-2026-04-23-at-05.22.04-1-1024x768.jpeg 1024w, https:\/\/iglesia.org.pa\/nueva-2024\/wp-content\/uploads\/2026\/04\/WhatsApp-Image-2026-04-23-at-05.22.04-1-768x576.jpeg 768w, https:\/\/iglesia.org.pa\/nueva-2024\/wp-content\/uploads\/2026\/04\/WhatsApp-Image-2026-04-23-at-05.22.04-1-1536x1152.jpeg 1536w, https:\/\/iglesia.org.pa\/nueva-2024\/wp-content\/uploads\/2026\/04\/WhatsApp-Image-2026-04-23-at-05.22.04-1.jpeg 1600w\" sizes=\"(max-width: 500px) 100vw, 500px\" \/><\/p>\n","protected":false},"excerpt":{"rendered":"<p>Un total de 53 participantes, de Costa Rica, El Salvador, Guatemala, Honduras, M\u00e9xico, Nicaragua y Panam\u00e1, participan en el II Encuentro Regional de Centroam\u00e9rica-M\u00e9xico (CAMEX), celebrado en Tegucigalpa, Honduras, del 20 al 23 de abril; que es organizado por el Consejo Episcopal Latinoamericano y Caribe\u00f1o, CELAM, en su modalidad presencial y&hellip;<\/p>\n","protected":false},"author":1,"featured_media":2355,"comment_status":"closed","ping_status":"closed","sticky":false,"template":"","format":"standard","meta":{"footnotes":""},"categories":[24],"tags":[195,59],"class_list":["post-2352","post","type-post","status-publish","format-standard","has-post-thumbnail","hentry","category-noticias","tag-camex","tag-celam"],"_links":{"self":[{"href":"https:\/\/iglesia.org.pa\/nueva-2024\/index.php?rest_route=\/wp\/v2\/posts\/2352","targetHints":{"allow":["GET"]}}],"collection":[{"href":"https:\/\/iglesia.org.pa\/nueva-2024\/index.php?rest_route=\/wp\/v2\/posts"}],"about":[{"href":"https:\/\/iglesia.org.pa\/nueva-2024\/index.php?rest_route=\/wp\/v2\/types\/post"}],"author":[{"embeddable":true,"href":"https:\/\/iglesia.org.pa\/nueva-2024\/index.php?rest_route=\/wp\/v2\/users\/1"}],"replies":[{"embeddable":true,"href":"https:\/\/iglesia.org.pa\/nueva-2024\/index.php?rest_route=%2Fwp%2Fv2%2Fcomments&post=2352"}],"version-history":[{"count":1,"href":"https:\/\/iglesia.org.pa\/nueva-2024\/index.php?rest_route=\/wp\/v2\/posts\/2352\/revisions"}],"predecessor-version":[{"id":2356,"href":"https:\/\/iglesia.org.pa\/nueva-2024\/index.php?rest_route=\/wp\/v2\/posts\/2352\/revisions\/2356"}],"wp:featuredmedia":[{"embeddable":true,"href":"https:\/\/iglesia.org.pa\/nueva-2024\/index.php?rest_route=\/wp\/v2\/media\/2355"}],"wp:attachment":[{"href":"https:\/\/iglesia.org.pa\/nueva-2024\/index.php?rest_route=%2Fwp%2Fv2%2Fmedia&parent=2352"}],"wp:term":[{"taxonomy":"category","embeddable":true,"href":"https:\/\/iglesia.org.pa\/nueva-2024\/index.php?rest_route=%2Fwp%2Fv2%2Fcategories&post=2352"},{"taxonomy":"post_tag","embeddable":true,"href":"https:\/\/iglesia.org.pa\/nueva-2024\/index.php?rest_route=%2Fwp%2Fv2%2Ftags&post=2352"}],"curies":[{"name":"wp","href":"https:\/\/api.w.org\/{rel}","templated":true}]}}