{"id":1184,"date":"2025-04-23T10:14:39","date_gmt":"2025-04-23T15:14:39","guid":{"rendered":"https:\/\/iglesia.org.pa\/nueva-2024\/?p=1184"},"modified":"2025-04-23T10:14:39","modified_gmt":"2025-04-23T15:14:39","slug":"comunicado-conferencia-episcopal-peruano-dios-ha-llamado-al-papa-francisco-a-la-patria-eterna","status":"publish","type":"post","link":"https:\/\/iglesia.org.pa\/nueva-2024\/?p=1184","title":{"rendered":"COMUNICADO | Conferencia Episcopal Peruano \u00abDIOS HA LLAMADO AL PAPA FRANCISCO A LA PATRIA ETERNA\u00bb"},"content":{"rendered":"<p class=\"p2\">En la Pascua de la Resurrecci\u00f3n, cuando Jes\u00fas ha vencido a la muerte y al mal, Dios ha llamado a su lado a nuestro amado Papa Francisco.<\/p>\n<p class=\"p2\">La Conferencia Episcopal Peruana, unida a todo el Pueblo Cat\u00f3lico, expresa su profunda tristeza, pero marcada por la esperanza y la fe, que siempre, el Papa Francisco nos comparti\u00f3 y ense\u00f1\u00f3.<\/p>\n<p><img fetchpriority=\"high\" decoding=\"async\" class=\"aligncenter wp-image-1187\" src=\"https:\/\/iglesia.org.pa\/nueva-2024\/wp-content\/uploads\/2025\/04\/comunciado-papa-francisco-ha-regresado-a-la-casa-del-padre-216x300.jpg\" alt=\"\" width=\"600\" height=\"832\" srcset=\"https:\/\/iglesia.org.pa\/nueva-2024\/wp-content\/uploads\/2025\/04\/comunciado-papa-francisco-ha-regresado-a-la-casa-del-padre-216x300.jpg 216w, https:\/\/iglesia.org.pa\/nueva-2024\/wp-content\/uploads\/2025\/04\/comunciado-papa-francisco-ha-regresado-a-la-casa-del-padre-738x1024.jpg 738w, https:\/\/iglesia.org.pa\/nueva-2024\/wp-content\/uploads\/2025\/04\/comunciado-papa-francisco-ha-regresado-a-la-casa-del-padre-768x1065.jpg 768w, https:\/\/iglesia.org.pa\/nueva-2024\/wp-content\/uploads\/2025\/04\/comunciado-papa-francisco-ha-regresado-a-la-casa-del-padre-1107x1536.jpg 1107w, https:\/\/iglesia.org.pa\/nueva-2024\/wp-content\/uploads\/2025\/04\/comunciado-papa-francisco-ha-regresado-a-la-casa-del-padre.jpg 1299w\" sizes=\"(max-width: 600px) 100vw, 600px\" \/><\/p>\n<p>&nbsp;<\/p>\n","protected":false},"excerpt":{"rendered":"<p>En la Pascua de la Resurrecci\u00f3n, cuando Jes\u00fas ha vencido a la muerte y al mal, Dios ha llamado a su lado a nuestro amado Papa Francisco. La Conferencia Episcopal Peruana, unida a todo el Pueblo Cat\u00f3lico, expresa su profunda tristeza, pero marcada por la esperanza y la fe, que siempre,&hellip;<\/p>\n","protected":false},"author":1,"featured_media":1188,"comment_status":"closed","ping_status":"closed","sticky":false,"template":"","format":"standard","meta":{"footnotes":""},"categories":[24],"tags":[60,62,61,58],"class_list":["post-1184","post","type-post","status-publish","format-standard","has-post-thumbnail","hentry","category-noticias","tag-comunicado","tag-conferencia-episcopal-del-peru","tag-fallecimiento","tag-papa-francisco"],"_links":{"self":[{"href":"https:\/\/iglesia.org.pa\/nueva-2024\/index.php?rest_route=\/wp\/v2\/posts\/1184","targetHints":{"allow":["GET"]}}],"collection":[{"href":"https:\/\/iglesia.org.pa\/nueva-2024\/index.php?rest_route=\/wp\/v2\/posts"}],"about":[{"href":"https:\/\/iglesia.org.pa\/nueva-2024\/index.php?rest_route=\/wp\/v2\/types\/post"}],"author":[{"embeddable":true,"href":"https:\/\/iglesia.org.pa\/nueva-2024\/index.php?rest_route=\/wp\/v2\/users\/1"}],"replies":[{"embeddable":true,"href":"https:\/\/iglesia.org.pa\/nueva-2024\/index.php?rest_route=%2Fwp%2Fv2%2Fcomments&post=1184"}],"version-history":[{"count":1,"href":"https:\/\/iglesia.org.pa\/nueva-2024\/index.php?rest_route=\/wp\/v2\/posts\/1184\/revisions"}],"predecessor-version":[{"id":1189,"href":"https:\/\/iglesia.org.pa\/nueva-2024\/index.php?rest_route=\/wp\/v2\/posts\/1184\/revisions\/1189"}],"wp:featuredmedia":[{"embeddable":true,"href":"https:\/\/iglesia.org.pa\/nueva-2024\/index.php?rest_route=\/wp\/v2\/media\/1188"}],"wp:attachment":[{"href":"https:\/\/iglesia.org.pa\/nueva-2024\/index.php?rest_route=%2Fwp%2Fv2%2Fmedia&parent=1184"}],"wp:term":[{"taxonomy":"category","embeddable":true,"href":"https:\/\/iglesia.org.pa\/nueva-2024\/index.php?rest_route=%2Fwp%2Fv2%2Fcategories&post=1184"},{"taxonomy":"post_tag","embeddable":true,"href":"https:\/\/iglesia.org.pa\/nueva-2024\/index.php?rest_route=%2Fwp%2Fv2%2Ftags&post=1184"}],"curies":[{"name":"wp","href":"https:\/\/api.w.org\/{rel}","templated":true}]}}